{"id":9815,"date":"2025-06-27T17:00:26","date_gmt":"2025-06-27T16:00:26","guid":{"rendered":"https:\/\/konzequent.gymnasium-konz.de\/?p=9815"},"modified":"2025-06-27T17:07:01","modified_gmt":"2025-06-27T16:07:01","slug":"projekttage-2025-am-gymnasium-konz","status":"publish","type":"post","link":"https:\/\/konzequent.gymnasium-konz.de\/?p=9815","title":{"rendered":"Projekttage 2025 am Gymnasium Konz"},"content":{"rendered":"\n<p>Es ist wieder so weit &#8211; die Projekttage am Gymnasium Konz haben gestartet. 31 Projekte, darunter f\u00fcnf f\u00fcr unsere Orientierungsstufe, geleitet von der MSS 12. Hier die meisten Projekte auf einen Blick zusammengefasst:<\/p>\n\n\n\n<p><\/p>\n\n\n\n<h3 class=\"wp-block-heading\"><strong>Makramee<\/strong><\/h3>\n\n\n\n<p class=\"has-text-align-left\"><strong>Leiter*innen<\/strong>: Frau Lamarcq, Frau Kuhn<\/p>\n\n\n\n<p class=\"has-text-align-left\"><strong>Teilnehmer*innen<\/strong>: 16<\/p>\n\n\n\n<p class=\"has-text-align-left\"><strong>Aktivit\u00e4ten<\/strong>: Arbeiten mit Wolle, beispielsweise f\u00fcr Traumf\u00e4nger<\/p>\n\n\n\n<p class=\"has-text-align-left\"><strong>Vorstellungen bei der Pr\u00e4sentation<\/strong>: Tisch mit Ausstellung der produzierten Produkte\/ ggf. Verkaufen der Produkte<\/p>\n\n\n\n<p class=\"has-text-align-left\"><strong>Ziele<\/strong>: Spa\u00df an der Handarbeit, Gemeinschaft st\u00e4rken<\/p>\n\n\n\n<p class=\"has-text-align-left\"><strong>Atmosph\u00e4re<\/strong>: harmonisch<\/p>\n\n\n\n<div style=\"height:100px\" aria-hidden=\"true\" class=\"wp-block-spacer\"><\/div>\n\n\n\n<h3 class=\"wp-block-heading\">Appinventor<\/h3>\n\n\n\n<p class=\"has-text-align-left\"><strong>Leiter*innen<\/strong>: Herr L\u00f6hnertz<\/p>\n\n\n\n<p class=\"has-text-align-left\"><strong>Teilnehmer*innen<\/strong>: 20<\/p>\n\n\n\n<p class=\"has-text-align-left\"><strong>Aktivit\u00e4ten<\/strong>: Apps erstellen, Computerarbeit<\/p>\n\n\n\n<p class=\"has-text-align-left\"><strong>Vorstellungen bei der Pr\u00e4sentation<\/strong>: Ausschnitte der Apps pr\u00e4sentieren <\/p>\n\n\n\n<p class=\"has-text-align-left\"><strong>Ziele<\/strong>: sch\u00f6ne Apps erstellen<\/p>\n\n\n\n<p><strong>Atmosph\u00e4re<\/strong>: konzentriert, neugierig<\/p>\n\n\n\n<div style=\"height:100px\" aria-hidden=\"true\" class=\"wp-block-spacer\"><\/div>\n\n\n\n<h3 class=\"wp-block-heading\">Segelfliegen<\/h3>\n\n\n\n<p><strong>Leiter*innen<\/strong>: Frau R\u00fcttjes, Frau Classen<\/p>\n\n\n\n<p><strong>Teilnehmer*innen<\/strong>: 20<\/p>\n\n\n\n<p><strong>Aktivit\u00e4ten<\/strong>: Flugplatz und die Fachhochschule besuchen<\/p>\n\n\n\n<p><strong>Vorstellungen bei der Pr\u00e4sentation<\/strong>: Flugsimulator, Segelflugverein bringt ein Segelflugzeug zum Bestaunen mit<\/p>\n\n\n\n<p class=\"has-text-align-left\"><strong>Ziele<\/strong>: Spa\u00df an der Physik gewinnen, begeisterte Segelflugpiloten gewinnen, viel Praxiserfahrung<\/p>\n\n\n\n<div style=\"height:100px\" aria-hidden=\"true\" class=\"wp-block-spacer\"><\/div>\n\n\n\n<h3 class=\"wp-block-heading\">Wasserraketen<\/h3>\n\n\n\n<p><strong>Leiter*innen<\/strong>: Herr Burg<\/p>\n\n\n\n<p><strong>Teilnehmer:innen<\/strong>: 10<\/p>\n\n\n\n<p><strong>Aktivit\u00e4ten<\/strong>: mathematisch rechnen, Durchf\u00fchrung planen, Raketen basteln, auswerten<\/p>\n\n\n\n<p><strong>Vorstellungen bei der Pr\u00e4sentation<\/strong>: Raketenstart durchf\u00fchren<\/p>\n\n\n\n<p><strong>Ziele<\/strong>: Gemeinschaft st\u00e4rken<\/p>\n\n\n\n<p><strong>Atmosph\u00e4re<\/strong>: entspannt, fokussiert<\/p>\n\n\n\n<div style=\"height:100px\" aria-hidden=\"true\" class=\"wp-block-spacer\"><\/div>\n\n\n\n<h3 class=\"wp-block-heading\">Tombola<\/h3>\n\n\n\n<p><strong>Leiter*innen<\/strong>: Frau Blumenthal<\/p>\n\n\n\n<p><strong>Teilnehmer*innen<\/strong>: 14<\/p>\n\n\n\n<p><strong>Aktivit\u00e4ten<\/strong>: Sammeln von Spenden in Konz, Vorbereiten der Tombola<\/p>\n\n\n\n<p><strong>Vorstellungen bei der Pr\u00e4sentation<\/strong>: Tombolalose verkaufen, Gewinne ausgeben<\/p>\n\n\n\n<p><strong>Ziele<\/strong>: M\u00f6glichst hohen Erl\u00f6s der Einnahmen an die Schulpsychologin \u00fcbergeben<\/p>\n\n\n\n<p><strong>Atmosph\u00e4re<\/strong>: chillig, normal<\/p>\n\n\n\n<div style=\"height:100px\" aria-hidden=\"true\" class=\"wp-block-spacer\"><\/div>\n\n\n\n<h3 class=\"wp-block-heading\">Zukunft? Deine Entscheidung!<\/h3>\n\n\n\n<p><strong>Leiter*innen<\/strong>: Frau Wolrab, Frau Mohr<\/p>\n\n\n\n<p><strong>Teilnehmer*innen:<\/strong> 6<\/p>\n\n\n\n<p><strong>Vorstellungen bei der Pr\u00e4sentation<\/strong>: Plakate und Memory <\/p>\n\n\n\n<p><strong>Ziele<\/strong>: Einblicke in die Berufsorientierung<\/p>\n\n\n\n<p><strong>Atmosph\u00e4re<\/strong>: neugierig, konzentriert, locker <\/p>\n\n\n\n<div style=\"height:100px\" aria-hidden=\"true\" class=\"wp-block-spacer\"><\/div>\n\n\n\n<h3 class=\"wp-block-heading\">Stopmotion<\/h3>\n\n\n\n<p><strong>Leiter*innen<\/strong>: Herr Mutscheller, Herr Grade<\/p>\n\n\n\n<p><strong>Teilnehmer*innen:<\/strong> 11<\/p>\n\n\n\n<p><strong>Aktivit\u00e4ten<\/strong>: Bildliche Szenen mit einer App auf dem Handy zu kleinen Filmen entwickeln<\/p>\n\n\n\n<p><strong>Vorstellungen bei der Pr\u00e4sentation<\/strong>: Die Filme werden auf der digitalen Tafel gezeigt<\/p>\n\n\n\n<p><strong>Ziele<\/strong>: kreativ arbeiten, viel Spa\u00df haben, etwas anderes als typischen Unterricht erleben<\/p>\n\n\n\n<p><strong>Atmosph\u00e4re<\/strong>: konzentriert, entspannt <\/p>\n\n\n\n<div style=\"height:100px\" aria-hidden=\"true\" class=\"wp-block-spacer\"><\/div>\n\n\n\n<h3 class=\"wp-block-heading\">Erweiterter Erste Hilfe Kurs<\/h3>\n\n\n\n<p><strong>Leiter*innen<\/strong>: Frau Burckardt, Frau Stoffel und ein Mitarbeiter der Malteser<\/p>\n\n\n\n<p><strong>Teilnehmer*innen:<\/strong> 23<\/p>\n\n\n\n<p><strong>Aktivit\u00e4ten<\/strong>: Praxis\u00fcbungen, Theorie\u00fcbungen, Besuch im BKT bei der Kardiologie<\/p>\n\n\n\n<p><strong>Vorstellungen bei der Pr\u00e4sentation<\/strong>: Erste Hilfe-Ma\u00dfnahmen, verschiedene \u00dcbungen<\/p>\n\n\n\n<p><strong>Ziele<\/strong>: Erste Hilfe ist sehr wichtig, jeder kann es!<\/p>\n\n\n\n<p><strong>Atmosph\u00e4re<\/strong>: lerninteressiert, vertrauensvoll <\/p>\n\n\n\n<div style=\"height:100px\" aria-hidden=\"true\" class=\"wp-block-spacer\"><\/div>\n\n\n\n<h3 class=\"wp-block-heading\">Spanisches Kochen<\/h3>\n\n\n\n<p><strong>Leiter*innen<\/strong>: Frau K\u00e4mpfer, Frau Frieden, Frau Singer-Jarrath<\/p>\n\n\n\n<p><strong>Teilnehmer*innen:<\/strong> 18<\/p>\n\n\n\n<p><strong>Aktivit\u00e4ten<\/strong>: Gemeinsames Kochen und Erstellen von Plakaten<\/p>\n\n\n\n<p><strong>Vorstellungen bei der Pr\u00e4sentation<\/strong>: Probierportionen des Essens und Ausstellung der Plakate<\/p>\n\n\n\n<p><strong>Ziele<\/strong>: Liebe zur spanischen K\u00fcche erkennen<\/p>\n\n\n\n<p><strong>Atmosph\u00e4re<\/strong>: gem\u00fctlich, angenehm<\/p>\n\n\n\n<div style=\"height:100px\" aria-hidden=\"true\" class=\"wp-block-spacer\"><\/div>\n\n\n\n<h3 class=\"wp-block-heading\">Lampen aus Holz<\/h3>\n\n\n\n<p><strong>Leiter*innen<\/strong>: Frau Mayr und eine ehemalige Sch\u00fclerin<\/p>\n\n\n\n<p><strong>Teilnehmer*innen:<\/strong> 9<\/p>\n\n\n\n<p><strong>Aktivit\u00e4ten<\/strong>: Lampen herstellen aus verschiedenen Materialien<\/p>\n\n\n\n<p><strong>Vorstellungen bei der Pr\u00e4sentation<\/strong>: Lampen pr\u00e4sentieren<\/p>\n\n\n\n<p><strong>Ziele<\/strong>: Arbeiten mit Holz erlernen sowie den Umgang mit Werkzeugen<\/p>\n\n\n\n<p><strong>Atmosph\u00e4re<\/strong>: entspannt, aber auch ein kleines bisschen chaotisch<\/p>\n\n\n\n<div style=\"height:100px\" aria-hidden=\"true\" class=\"wp-block-spacer\"><\/div>\n\n\n\n<h3 class=\"wp-block-heading\">Bullet Journal<\/h3>\n\n\n\n<p><strong>Leiter*innen<\/strong>: Frau Wilfert und Frau Salina<\/p>\n\n\n\n<p><strong>Teilnehmer*innen:<\/strong> 17<\/p>\n\n\n\n<p><strong>Aktivit\u00e4ten<\/strong>: Notizb\u00fccher gestalten<\/p>\n\n\n\n<p><strong>Vorstellungen bei der Pr\u00e4sentation<\/strong>: B\u00fccher vorstellen<\/p>\n\n\n\n<p><strong>Ziele<\/strong>: Kreativit\u00e4t f\u00f6rdern<\/p>\n\n\n\n<p><strong>Atmosph\u00e4re<\/strong>: ruhig, gelassen<\/p>\n\n\n\n<div style=\"height:100px\" aria-hidden=\"true\" class=\"wp-block-spacer\"><\/div>\n\n\n\n<h3 class=\"wp-block-heading\">Faszination Fu\u00dfball<\/h3>\n\n\n\n<p><strong>Leiter*innen<\/strong>: Herr Steinbach<\/p>\n\n\n\n<p><strong>Teilnehmer*innen:<\/strong> 16<\/p>\n\n\n\n<p><strong>Aktivit\u00e4ten<\/strong>: Kickerturnier gegeneinander, gemeinsam Fu\u00dfball spielen und Dokumentation \u00fcber Fu\u00dfball schauen<\/p>\n\n\n\n<p><strong>Vorstellungen bei der Pr\u00e4sentation<\/strong>: Kickerturnier gegen G\u00e4ste<\/p>\n\n\n\n<p><strong>Ziele<\/strong>: Begeisterung f\u00fcr Fu\u00dfball wecken <\/p>\n\n\n\n<p><strong>Atmosph\u00e4re<\/strong>: &#8222;locker flockig&#8220;<\/p>\n\n\n\n<div style=\"height:100px\" aria-hidden=\"true\" class=\"wp-block-spacer\"><\/div>\n\n\n\n<h3 class=\"wp-block-heading\">Kreative DIY-Projekte<\/h3>\n\n\n\n<p><strong>Leiter*innen<\/strong>: Frau Cilien, Frau Arend<\/p>\n\n\n\n<p><strong>Teilnehmer*innen:<\/strong> 18<\/p>\n\n\n\n<p><strong>Aktivit\u00e4ten<\/strong>: Kerzen, Bienenwachst\u00fccher und Formen aus Gie\u00dfpulver erstellen, stricken und h\u00e4keln<\/p>\n\n\n\n<p><strong>Vorstellungen bei der Pr\u00e4sentation<\/strong>: Produkte evt. verkaufen<\/p>\n\n\n\n<p><strong>Ziele<\/strong>: Kreativit\u00e4t und Horizont erweitern <\/p>\n\n\n\n<p><strong>Atmosph\u00e4re<\/strong>: entspannt, witzig und locker<\/p>\n\n\n\n<div style=\"height:100px\" aria-hidden=\"true\" class=\"wp-block-spacer\"><\/div>\n\n\n\n<h3 class=\"wp-block-heading\">Licht- und Tontechnik <\/h3>\n\n\n\n<p><strong>Leiter*innen<\/strong>: Herr Bodewein, Herr Fox<\/p>\n\n\n\n<p><strong>Teilnehmer*innen:<\/strong> 12<\/p>\n\n\n\n<p><strong>Vorstellungen bei der Pr\u00e4sentation<\/strong>: B\u00fchne f\u00fcr Ansprachen und Konzerte vorbereiten<\/p>\n\n\n\n<p><strong>Ziele<\/strong>: Lichttechnik erlernen<\/p>\n\n\n\n<p><strong>Atmosph\u00e4re<\/strong>: locker, spa\u00dfig<\/p>\n\n\n\n<div style=\"height:101px\" aria-hidden=\"true\" class=\"wp-block-spacer\"><\/div>\n\n\n\n<h3 class=\"wp-block-heading\">Klettern<\/h3>\n\n\n\n<p><strong>Leiter*innen<\/strong>: Frau Silemanchel, Frau Schmidt<\/p>\n\n\n\n<p><strong>Teilnehmer*innen:<\/strong> 14<\/p>\n\n\n\n<p><strong>Aktivit\u00e4ten<\/strong>: Gemeinsam in der Saar-Mosel-Halle klettern<\/p>\n\n\n\n<p><strong>Vorstellungen bei der Pr\u00e4sentation<\/strong>: Besucher beim Klettern sichern<\/p>\n\n\n\n<p><strong>Ziele<\/strong>: Erlernen von Sichern beim Klettern<\/p>\n\n\n\n<p><strong>Atmosph\u00e4re<\/strong>: angenehm<\/p>\n\n\n\n<figure class=\"wp-block-gallery has-nested-images columns-2 is-cropped wp-block-gallery-1 is-layout-flex wp-block-gallery-is-layout-flex\">\n<figure class=\"wp-block-image size-full\"><img loading=\"lazy\" decoding=\"async\" width=\"2560\" height=\"1920\" data-id=\"9980\" src=\"https:\/\/konzequent.gymnasium-konz.de\/wp-content\/uploads\/2025\/06\/20250626_110455-scaled.jpeg\" alt=\"\" class=\"wp-image-9980\" srcset=\"https:\/\/konzequent.gymnasium-konz.de\/wp-content\/uploads\/2025\/06\/20250626_110455-scaled.jpeg 2560w, https:\/\/konzequent.gymnasium-konz.de\/wp-content\/uploads\/2025\/06\/20250626_110455-300x225.jpeg 300w, https:\/\/konzequent.gymnasium-konz.de\/wp-content\/uploads\/2025\/06\/20250626_110455-150x113.jpeg 150w, https:\/\/konzequent.gymnasium-konz.de\/wp-content\/uploads\/2025\/06\/20250626_110455-768x576.jpeg 768w, https:\/\/konzequent.gymnasium-konz.de\/wp-content\/uploads\/2025\/06\/20250626_110455-1536x1152.jpeg 1536w, https:\/\/konzequent.gymnasium-konz.de\/wp-content\/uploads\/2025\/06\/20250626_110455-2048x1536.jpeg 2048w\" sizes=\"auto, (max-width: 2560px) 100vw, 2560px\" \/><\/figure>\n\n\n\n<figure class=\"wp-block-image size-full\"><img loading=\"lazy\" decoding=\"async\" width=\"1024\" height=\"768\" data-id=\"9999\" src=\"https:\/\/konzequent.gymnasium-konz.de\/wp-content\/uploads\/2025\/06\/1024-768-max-2.jpg\" alt=\"\" class=\"wp-image-9999\" srcset=\"https:\/\/konzequent.gymnasium-konz.de\/wp-content\/uploads\/2025\/06\/1024-768-max-2.jpg 1024w, https:\/\/konzequent.gymnasium-konz.de\/wp-content\/uploads\/2025\/06\/1024-768-max-2-300x225.jpg 300w, https:\/\/konzequent.gymnasium-konz.de\/wp-content\/uploads\/2025\/06\/1024-768-max-2-150x113.jpg 150w, https:\/\/konzequent.gymnasium-konz.de\/wp-content\/uploads\/2025\/06\/1024-768-max-2-768x576.jpg 768w\" sizes=\"auto, (max-width: 1024px) 100vw, 1024px\" \/><\/figure>\n\n\n\n<figure class=\"wp-block-image size-full\"><img loading=\"lazy\" decoding=\"async\" width=\"2560\" height=\"1920\" data-id=\"9977\" src=\"https:\/\/konzequent.gymnasium-konz.de\/wp-content\/uploads\/2025\/06\/20250626_105207-scaled.jpeg\" alt=\"\" class=\"wp-image-9977\" srcset=\"https:\/\/konzequent.gymnasium-konz.de\/wp-content\/uploads\/2025\/06\/20250626_105207-scaled.jpeg 2560w, https:\/\/konzequent.gymnasium-konz.de\/wp-content\/uploads\/2025\/06\/20250626_105207-300x225.jpeg 300w, https:\/\/konzequent.gymnasium-konz.de\/wp-content\/uploads\/2025\/06\/20250626_105207-150x113.jpeg 150w, https:\/\/konzequent.gymnasium-konz.de\/wp-content\/uploads\/2025\/06\/20250626_105207-768x576.jpeg 768w, https:\/\/konzequent.gymnasium-konz.de\/wp-content\/uploads\/2025\/06\/20250626_105207-1536x1152.jpeg 1536w, https:\/\/konzequent.gymnasium-konz.de\/wp-content\/uploads\/2025\/06\/20250626_105207-2048x1536.jpeg 2048w\" sizes=\"auto, (max-width: 2560px) 100vw, 2560px\" \/><\/figure>\n\n\n\n<figure class=\"wp-block-image size-full\"><img loading=\"lazy\" decoding=\"async\" width=\"2560\" height=\"1920\" data-id=\"9965\" src=\"https:\/\/konzequent.gymnasium-konz.de\/wp-content\/uploads\/2025\/06\/20250626_090851-scaled.jpeg\" alt=\"\" class=\"wp-image-9965\" srcset=\"https:\/\/konzequent.gymnasium-konz.de\/wp-content\/uploads\/2025\/06\/20250626_090851-scaled.jpeg 2560w, https:\/\/konzequent.gymnasium-konz.de\/wp-content\/uploads\/2025\/06\/20250626_090851-300x225.jpeg 300w, https:\/\/konzequent.gymnasium-konz.de\/wp-content\/uploads\/2025\/06\/20250626_090851-150x113.jpeg 150w, https:\/\/konzequent.gymnasium-konz.de\/wp-content\/uploads\/2025\/06\/20250626_090851-768x576.jpeg 768w, https:\/\/konzequent.gymnasium-konz.de\/wp-content\/uploads\/2025\/06\/20250626_090851-1536x1152.jpeg 1536w, https:\/\/konzequent.gymnasium-konz.de\/wp-content\/uploads\/2025\/06\/20250626_090851-2048x1536.jpeg 2048w\" sizes=\"auto, (max-width: 2560px) 100vw, 2560px\" \/><\/figure>\n\n\n\n<figure class=\"wp-block-image size-full\"><img loading=\"lazy\" decoding=\"async\" width=\"2560\" height=\"1920\" data-id=\"9978\" src=\"https:\/\/konzequent.gymnasium-konz.de\/wp-content\/uploads\/2025\/06\/20250626_105639-scaled.jpeg\" alt=\"\" class=\"wp-image-9978\" srcset=\"https:\/\/konzequent.gymnasium-konz.de\/wp-content\/uploads\/2025\/06\/20250626_105639-scaled.jpeg 2560w, https:\/\/konzequent.gymnasium-konz.de\/wp-content\/uploads\/2025\/06\/20250626_105639-300x225.jpeg 300w, https:\/\/konzequent.gymnasium-konz.de\/wp-content\/uploads\/2025\/06\/20250626_105639-150x113.jpeg 150w, https:\/\/konzequent.gymnasium-konz.de\/wp-content\/uploads\/2025\/06\/20250626_105639-768x576.jpeg 768w, https:\/\/konzequent.gymnasium-konz.de\/wp-content\/uploads\/2025\/06\/20250626_105639-1536x1152.jpeg 1536w, https:\/\/konzequent.gymnasium-konz.de\/wp-content\/uploads\/2025\/06\/20250626_105639-2048x1536.jpeg 2048w\" sizes=\"auto, (max-width: 2560px) 100vw, 2560px\" \/><\/figure>\n\n\n\n<figure class=\"wp-block-image size-full\"><img loading=\"lazy\" decoding=\"async\" width=\"2560\" height=\"1920\" data-id=\"9967\" src=\"https:\/\/konzequent.gymnasium-konz.de\/wp-content\/uploads\/2025\/06\/20250626_090909-scaled.jpeg\" alt=\"\" class=\"wp-image-9967\" srcset=\"https:\/\/konzequent.gymnasium-konz.de\/wp-content\/uploads\/2025\/06\/20250626_090909-scaled.jpeg 2560w, https:\/\/konzequent.gymnasium-konz.de\/wp-content\/uploads\/2025\/06\/20250626_090909-300x225.jpeg 300w, https:\/\/konzequent.gymnasium-konz.de\/wp-content\/uploads\/2025\/06\/20250626_090909-150x113.jpeg 150w, https:\/\/konzequent.gymnasium-konz.de\/wp-content\/uploads\/2025\/06\/20250626_090909-768x576.jpeg 768w, https:\/\/konzequent.gymnasium-konz.de\/wp-content\/uploads\/2025\/06\/20250626_090909-1536x1152.jpeg 1536w, https:\/\/konzequent.gymnasium-konz.de\/wp-content\/uploads\/2025\/06\/20250626_090909-2048x1536.jpeg 2048w\" sizes=\"auto, (max-width: 2560px) 100vw, 2560px\" \/><\/figure>\n\n\n\n<figure class=\"wp-block-image size-full\"><img loading=\"lazy\" decoding=\"async\" width=\"2560\" height=\"1920\" data-id=\"9970\" src=\"https:\/\/konzequent.gymnasium-konz.de\/wp-content\/uploads\/2025\/06\/20250626_100600-scaled.jpeg\" alt=\"\" class=\"wp-image-9970\" srcset=\"https:\/\/konzequent.gymnasium-konz.de\/wp-content\/uploads\/2025\/06\/20250626_100600-scaled.jpeg 2560w, https:\/\/konzequent.gymnasium-konz.de\/wp-content\/uploads\/2025\/06\/20250626_100600-300x225.jpeg 300w, https:\/\/konzequent.gymnasium-konz.de\/wp-content\/uploads\/2025\/06\/20250626_100600-150x113.jpeg 150w, https:\/\/konzequent.gymnasium-konz.de\/wp-content\/uploads\/2025\/06\/20250626_100600-768x576.jpeg 768w, https:\/\/konzequent.gymnasium-konz.de\/wp-content\/uploads\/2025\/06\/20250626_100600-1536x1152.jpeg 1536w, https:\/\/konzequent.gymnasium-konz.de\/wp-content\/uploads\/2025\/06\/20250626_100600-2048x1536.jpeg 2048w\" sizes=\"auto, (max-width: 2560px) 100vw, 2560px\" \/><\/figure>\n\n\n\n<figure class=\"wp-block-image size-full\"><img loading=\"lazy\" decoding=\"async\" width=\"2560\" height=\"1920\" data-id=\"9976\" src=\"https:\/\/konzequent.gymnasium-konz.de\/wp-content\/uploads\/2025\/06\/20250626_104846-scaled.jpeg\" alt=\"\" class=\"wp-image-9976\" srcset=\"https:\/\/konzequent.gymnasium-konz.de\/wp-content\/uploads\/2025\/06\/20250626_104846-scaled.jpeg 2560w, https:\/\/konzequent.gymnasium-konz.de\/wp-content\/uploads\/2025\/06\/20250626_104846-300x225.jpeg 300w, https:\/\/konzequent.gymnasium-konz.de\/wp-content\/uploads\/2025\/06\/20250626_104846-150x113.jpeg 150w, https:\/\/konzequent.gymnasium-konz.de\/wp-content\/uploads\/2025\/06\/20250626_104846-768x576.jpeg 768w, https:\/\/konzequent.gymnasium-konz.de\/wp-content\/uploads\/2025\/06\/20250626_104846-1536x1152.jpeg 1536w, https:\/\/konzequent.gymnasium-konz.de\/wp-content\/uploads\/2025\/06\/20250626_104846-2048x1536.jpeg 2048w\" sizes=\"auto, (max-width: 2560px) 100vw, 2560px\" \/><\/figure>\n\n\n\n<figure class=\"wp-block-image size-full\"><img loading=\"lazy\" decoding=\"async\" width=\"1920\" height=\"2560\" data-id=\"9982\" src=\"https:\/\/konzequent.gymnasium-konz.de\/wp-content\/uploads\/2025\/06\/20250626_105742-scaled.jpeg\" alt=\"\" class=\"wp-image-9982\" srcset=\"https:\/\/konzequent.gymnasium-konz.de\/wp-content\/uploads\/2025\/06\/20250626_105742-scaled.jpeg 1920w, https:\/\/konzequent.gymnasium-konz.de\/wp-content\/uploads\/2025\/06\/20250626_105742-225x300.jpeg 225w, https:\/\/konzequent.gymnasium-konz.de\/wp-content\/uploads\/2025\/06\/20250626_105742-113x150.jpeg 113w, https:\/\/konzequent.gymnasium-konz.de\/wp-content\/uploads\/2025\/06\/20250626_105742-768x1024.jpeg 768w, https:\/\/konzequent.gymnasium-konz.de\/wp-content\/uploads\/2025\/06\/20250626_105742-1152x1536.jpeg 1152w, https:\/\/konzequent.gymnasium-konz.de\/wp-content\/uploads\/2025\/06\/20250626_105742-1536x2048.jpeg 1536w\" sizes=\"auto, (max-width: 1920px) 100vw, 1920px\" \/><\/figure>\n\n\n\n<figure class=\"wp-block-image size-full\"><img loading=\"lazy\" decoding=\"async\" width=\"2560\" height=\"1920\" data-id=\"9983\" src=\"https:\/\/konzequent.gymnasium-konz.de\/wp-content\/uploads\/2025\/06\/20250627_084634-scaled.jpeg\" alt=\"\" class=\"wp-image-9983\" srcset=\"https:\/\/konzequent.gymnasium-konz.de\/wp-content\/uploads\/2025\/06\/20250627_084634-scaled.jpeg 2560w, https:\/\/konzequent.gymnasium-konz.de\/wp-content\/uploads\/2025\/06\/20250627_084634-300x225.jpeg 300w, https:\/\/konzequent.gymnasium-konz.de\/wp-content\/uploads\/2025\/06\/20250627_084634-150x113.jpeg 150w, https:\/\/konzequent.gymnasium-konz.de\/wp-content\/uploads\/2025\/06\/20250627_084634-768x576.jpeg 768w, https:\/\/konzequent.gymnasium-konz.de\/wp-content\/uploads\/2025\/06\/20250627_084634-1536x1152.jpeg 1536w, https:\/\/konzequent.gymnasium-konz.de\/wp-content\/uploads\/2025\/06\/20250627_084634-2048x1536.jpeg 2048w\" sizes=\"auto, (max-width: 2560px) 100vw, 2560px\" \/><\/figure>\n\n\n\n<figure class=\"wp-block-image size-full\"><img loading=\"lazy\" decoding=\"async\" width=\"2560\" height=\"1920\" data-id=\"9964\" src=\"https:\/\/konzequent.gymnasium-konz.de\/wp-content\/uploads\/2025\/06\/20250626_090533-scaled.jpeg\" alt=\"\" class=\"wp-image-9964\" srcset=\"https:\/\/konzequent.gymnasium-konz.de\/wp-content\/uploads\/2025\/06\/20250626_090533-scaled.jpeg 2560w, https:\/\/konzequent.gymnasium-konz.de\/wp-content\/uploads\/2025\/06\/20250626_090533-300x225.jpeg 300w, https:\/\/konzequent.gymnasium-konz.de\/wp-content\/uploads\/2025\/06\/20250626_090533-150x113.jpeg 150w, https:\/\/konzequent.gymnasium-konz.de\/wp-content\/uploads\/2025\/06\/20250626_090533-768x576.jpeg 768w, https:\/\/konzequent.gymnasium-konz.de\/wp-content\/uploads\/2025\/06\/20250626_090533-1536x1152.jpeg 1536w, https:\/\/konzequent.gymnasium-konz.de\/wp-content\/uploads\/2025\/06\/20250626_090533-2048x1536.jpeg 2048w\" sizes=\"auto, (max-width: 2560px) 100vw, 2560px\" \/><\/figure>\n\n\n\n<figure class=\"wp-block-image size-full\"><img loading=\"lazy\" decoding=\"async\" width=\"2560\" height=\"1920\" data-id=\"9974\" src=\"https:\/\/konzequent.gymnasium-konz.de\/wp-content\/uploads\/2025\/06\/20250626_103445-scaled.jpeg\" alt=\"\" class=\"wp-image-9974\" srcset=\"https:\/\/konzequent.gymnasium-konz.de\/wp-content\/uploads\/2025\/06\/20250626_103445-scaled.jpeg 2560w, https:\/\/konzequent.gymnasium-konz.de\/wp-content\/uploads\/2025\/06\/20250626_103445-300x225.jpeg 300w, https:\/\/konzequent.gymnasium-konz.de\/wp-content\/uploads\/2025\/06\/20250626_103445-150x113.jpeg 150w, https:\/\/konzequent.gymnasium-konz.de\/wp-content\/uploads\/2025\/06\/20250626_103445-768x576.jpeg 768w, https:\/\/konzequent.gymnasium-konz.de\/wp-content\/uploads\/2025\/06\/20250626_103445-1536x1152.jpeg 1536w, https:\/\/konzequent.gymnasium-konz.de\/wp-content\/uploads\/2025\/06\/20250626_103445-2048x1536.jpeg 2048w\" sizes=\"auto, (max-width: 2560px) 100vw, 2560px\" \/><\/figure>\n\n\n\n<figure class=\"wp-block-image size-full\"><img loading=\"lazy\" decoding=\"async\" width=\"2560\" height=\"1920\" data-id=\"9979\" src=\"https:\/\/konzequent.gymnasium-konz.de\/wp-content\/uploads\/2025\/06\/20250626_110718-scaled.jpeg\" alt=\"\" class=\"wp-image-9979\" srcset=\"https:\/\/konzequent.gymnasium-konz.de\/wp-content\/uploads\/2025\/06\/20250626_110718-scaled.jpeg 2560w, https:\/\/konzequent.gymnasium-konz.de\/wp-content\/uploads\/2025\/06\/20250626_110718-300x225.jpeg 300w, https:\/\/konzequent.gymnasium-konz.de\/wp-content\/uploads\/2025\/06\/20250626_110718-150x113.jpeg 150w, https:\/\/konzequent.gymnasium-konz.de\/wp-content\/uploads\/2025\/06\/20250626_110718-768x576.jpeg 768w, https:\/\/konzequent.gymnasium-konz.de\/wp-content\/uploads\/2025\/06\/20250626_110718-1536x1152.jpeg 1536w, https:\/\/konzequent.gymnasium-konz.de\/wp-content\/uploads\/2025\/06\/20250626_110718-2048x1536.jpeg 2048w\" sizes=\"auto, (max-width: 2560px) 100vw, 2560px\" \/><\/figure>\n\n\n\n<figure class=\"wp-block-image size-full\"><img loading=\"lazy\" decoding=\"async\" width=\"2560\" height=\"1920\" data-id=\"9971\" src=\"https:\/\/konzequent.gymnasium-konz.de\/wp-content\/uploads\/2025\/06\/20250626_092020-scaled.jpeg\" alt=\"\" class=\"wp-image-9971\" srcset=\"https:\/\/konzequent.gymnasium-konz.de\/wp-content\/uploads\/2025\/06\/20250626_092020-scaled.jpeg 2560w, https:\/\/konzequent.gymnasium-konz.de\/wp-content\/uploads\/2025\/06\/20250626_092020-300x225.jpeg 300w, https:\/\/konzequent.gymnasium-konz.de\/wp-content\/uploads\/2025\/06\/20250626_092020-150x113.jpeg 150w, https:\/\/konzequent.gymnasium-konz.de\/wp-content\/uploads\/2025\/06\/20250626_092020-768x576.jpeg 768w, https:\/\/konzequent.gymnasium-konz.de\/wp-content\/uploads\/2025\/06\/20250626_092020-1536x1152.jpeg 1536w, https:\/\/konzequent.gymnasium-konz.de\/wp-content\/uploads\/2025\/06\/20250626_092020-2048x1536.jpeg 2048w\" sizes=\"auto, (max-width: 2560px) 100vw, 2560px\" \/><\/figure>\n\n\n\n<figure class=\"wp-block-image size-full\"><img loading=\"lazy\" decoding=\"async\" width=\"1920\" height=\"2560\" data-id=\"9981\" src=\"https:\/\/konzequent.gymnasium-konz.de\/wp-content\/uploads\/2025\/06\/20250626_110003-scaled.jpeg\" alt=\"\" class=\"wp-image-9981\" srcset=\"https:\/\/konzequent.gymnasium-konz.de\/wp-content\/uploads\/2025\/06\/20250626_110003-scaled.jpeg 1920w, https:\/\/konzequent.gymnasium-konz.de\/wp-content\/uploads\/2025\/06\/20250626_110003-225x300.jpeg 225w, https:\/\/konzequent.gymnasium-konz.de\/wp-content\/uploads\/2025\/06\/20250626_110003-113x150.jpeg 113w, https:\/\/konzequent.gymnasium-konz.de\/wp-content\/uploads\/2025\/06\/20250626_110003-768x1024.jpeg 768w, https:\/\/konzequent.gymnasium-konz.de\/wp-content\/uploads\/2025\/06\/20250626_110003-1152x1536.jpeg 1152w, https:\/\/konzequent.gymnasium-konz.de\/wp-content\/uploads\/2025\/06\/20250626_110003-1536x2048.jpeg 1536w\" sizes=\"auto, (max-width: 1920px) 100vw, 1920px\" \/><\/figure>\n\n\n\n<figure class=\"wp-block-image size-full\"><img loading=\"lazy\" decoding=\"async\" width=\"2560\" height=\"1920\" data-id=\"10021\" src=\"https:\/\/konzequent.gymnasium-konz.de\/wp-content\/uploads\/2025\/06\/IMG_6830-scaled.jpeg\" alt=\"\" class=\"wp-image-10021\" srcset=\"https:\/\/konzequent.gymnasium-konz.de\/wp-content\/uploads\/2025\/06\/IMG_6830-scaled.jpeg 2560w, https:\/\/konzequent.gymnasium-konz.de\/wp-content\/uploads\/2025\/06\/IMG_6830-300x225.jpeg 300w, https:\/\/konzequent.gymnasium-konz.de\/wp-content\/uploads\/2025\/06\/IMG_6830-150x113.jpeg 150w, https:\/\/konzequent.gymnasium-konz.de\/wp-content\/uploads\/2025\/06\/IMG_6830-768x576.jpeg 768w, https:\/\/konzequent.gymnasium-konz.de\/wp-content\/uploads\/2025\/06\/IMG_6830-1536x1152.jpeg 1536w, https:\/\/konzequent.gymnasium-konz.de\/wp-content\/uploads\/2025\/06\/IMG_6830-2048x1536.jpeg 2048w\" sizes=\"auto, (max-width: 2560px) 100vw, 2560px\" \/><\/figure>\n<\/figure>\n\n\n\n<div style=\"height:100px\" aria-hidden=\"true\" class=\"wp-block-spacer\"><\/div>\n\n\n\n<h3 class=\"wp-block-heading\">Buchbinden<\/h3>\n\n\n\n<p><strong>Leiter*innen<\/strong>: Herr Panther<\/p>\n\n\n\n<p><strong>Teilnehmer*innen:<\/strong> 11<\/p>\n\n\n\n<p><strong>Aktivit\u00e4ten<\/strong>: B\u00fccher erstellen<\/p>\n\n\n\n<p><strong>Vorstellungen bei der Pr\u00e4sentation<\/strong>: Fertige Produkte <\/p>\n\n\n\n<p><strong>Atmosph\u00e4re<\/strong>: locker, aufgeschlossen<\/p>\n\n\n\n<div style=\"height:100px\" aria-hidden=\"true\" class=\"wp-block-spacer\"><\/div>\n\n\n\n<h3 class=\"wp-block-heading\">KONZequent: Bloggen und digitale Sch\u00fclerzeitung<\/h3>\n\n\n\n<p><strong>Leiter*innen<\/strong>: Frau Kallenborn<\/p>\n\n\n\n<p><strong>Teilnehmer*innen:<\/strong> 8<\/p>\n\n\n\n<p><strong>Aktivit\u00e4ten<\/strong>: Kaffee trinken, unterhalten, kreative Textarbeit<\/p>\n\n\n\n<p><strong>Vorstellungen bei der Pr\u00e4sentation<\/strong>: fertige Artikel und Beitrage vorstellen und Interesse bei den Besucher:innen f\u00fcr die Sch\u00fclerzeitung wecken<\/p>\n\n\n\n<p><strong>Ziele<\/strong>: Kompetenzen f\u00fcr das Schreiben verbessern<\/p>\n\n\n\n<p><strong>Atmosph\u00e4re<\/strong>: entspannt, sch\u00f6ne Gemeinschaft<\/p>\n\n\n\n<div style=\"height:100px\" aria-hidden=\"true\" class=\"wp-block-spacer\"><\/div>\n\n\n\n<h3 class=\"wp-block-heading\"> Alles Theater!<\/h3>\n\n\n\n<p><strong>Leiter*innen<\/strong>: Frau Ost, Frau Szewczyk<\/p>\n\n\n\n<p><strong>Teilnehmer*innen:<\/strong> 11<\/p>\n\n\n\n<p><strong>Aktivit\u00e4ten<\/strong>: Theaterst\u00fcck am FWG in Trier besuchen, Theatergrund\u00fcbungen einstudieren <\/p>\n\n\n\n<p><strong>Vorstellungen bei der Pr\u00e4sentation<\/strong>: Kurze Szenen und ein Improtheater werden vorgestellt <\/p>\n\n\n\n<p><strong>Ziele<\/strong>: besseres Selbstbewusstsein erhalten, B\u00fchnenerfahrung sammeln, Sprache verbessern<\/p>\n\n\n\n<div style=\"height:100px\" aria-hidden=\"true\" class=\"wp-block-spacer\"><\/div>\n\n\n\n<p><strong>Und hier sind alle Aktionen f\u00fcr unsere Orientierungsstufe aufgelistet:<\/strong><\/p>\n\n\n\n<div style=\"height:100px\" aria-hidden=\"true\" class=\"wp-block-spacer\"><\/div>\n\n\n\n<h3 class=\"wp-block-heading\">Kinderdisco<\/h3>\n\n\n\n<p><strong>Leiter*innen<\/strong>: MSS12<\/p>\n\n\n\n<p><strong>Teilnehmer*innen<\/strong>: 26<\/p>\n\n\n\n<p><strong>Aktivit\u00e4ten<\/strong>: zusammen tanzen und singen<\/p>\n\n\n\n<p><strong>Ziele<\/strong>: Gemeinschaft st\u00e4rken<\/p>\n\n\n\n<p><strong>Atmosph\u00e4re<\/strong>: locker, entspannt<\/p>\n\n\n\n<div style=\"height:100px\" aria-hidden=\"true\" class=\"wp-block-spacer\"><\/div>\n\n\n\n<h3 class=\"wp-block-heading\">Schach<\/h3>\n\n\n\n<p><strong>Leiter*innen<\/strong>: MSS12<\/p>\n\n\n\n<p><strong>Teilnehmer*innen<\/strong>: 25<\/p>\n\n\n\n<p><strong>Aktivit\u00e4ten<\/strong>: Schach zusammen spielen<\/p>\n\n\n\n<p><strong>Ziele<\/strong>: Alle sollen sich mit Schach besch\u00e4ftigen<\/p>\n\n\n\n<p><strong>Atmosph\u00e4re<\/strong>: ruhig<\/p>\n\n\n\n<div style=\"height:100px\" aria-hidden=\"true\" class=\"wp-block-spacer\"><\/div>\n\n\n\n<h3 class=\"wp-block-heading\">Brett- und Gesellschaftsspiele <\/h3>\n\n\n\n<p><strong>Leiter*innen<\/strong>:MSS12<\/p>\n\n\n\n<p><strong>Teilnehmer*innen<\/strong>: 23<\/p>\n\n\n\n<p><strong>Aktivit\u00e4ten<\/strong>: zusammen verschiendeste Brettspiele spielen<\/p>\n\n\n\n<p><strong>Ziele<\/strong>: Weniger das Handy benutzen <\/p>\n\n\n\n<p><strong>Atmosph\u00e4re<\/strong>: laut, spa\u00dfig<\/p>\n\n\n\n<div style=\"height:100px\" aria-hidden=\"true\" class=\"wp-block-spacer\"><\/div>\n\n\n\n<h3 class=\"wp-block-heading\">Malen und Kahoot (Orientierungsstufe)<\/h3>\n\n\n\n<p class=\"has-text-align-left\"><strong>Leiter*innen<\/strong>: MSS12<\/p>\n\n\n\n<p class=\"has-text-align-left\"><strong>Teilnehmer*innen<\/strong>: 27<\/p>\n\n\n\n<p class=\"has-text-align-left\"><strong>Aktivit\u00e4ten<\/strong>: Kahoot spielen und malen, Belohnung bei Gewinn, Musik h\u00f6ren<\/p>\n\n\n\n<p class=\"has-text-align-left\"><strong>Ziele<\/strong>: Allgemeinwissen, Gemeinschaft und Motorik st\u00e4rken<\/p>\n\n\n\n<p><strong>Atmosph\u00e4re<\/strong>: gelassen, aufgeschlossen<\/p>\n\n\n\n<div style=\"height:100px\" aria-hidden=\"true\" class=\"wp-block-spacer\"><\/div>\n\n\n\n<h3 class=\"wp-block-heading\" id=\"block-6a7bb893-2ebd-4f93-8c30-169a2870e7f4\">Origami (Orientierungsstufe)<\/h3>\n\n\n\n<p id=\"block-c67a81e9-1c96-4f8e-8052-3a7a5fa53295\"><strong>Leiter*innen<\/strong>: MSS12<\/p>\n\n\n\n<p id=\"block-919362dc-d2e4-46ac-b589-8fa6eebe468c\"><strong>Teilnehmer*innen<\/strong>: 23<\/p>\n\n\n\n<p id=\"block-4042ffbd-6d74-40db-81ad-afba9973bf64\"><strong>Aktivit\u00e4ten<\/strong>: Musikw\u00fcnsche der Kinder h\u00f6ren, mit Papier basteln<\/p>\n\n\n\n<p id=\"block-80ba02bb-6c38-4d49-9402-ce021e37366d\"><strong>Ziele<\/strong>: Denksport, Gemeinschaft st\u00e4rken<\/p>\n\n\n\n<p id=\"block-3a428a48-246c-4169-b3b8-10e4b71a9efa\"><strong>Atmosph\u00e4re<\/strong>: aufgeschlossen<\/p>\n\n\n\n<div class=\"wp-block-columns is-layout-flex wp-container-core-columns-is-layout-28f84493 wp-block-columns-is-layout-flex\">\n<div class=\"wp-block-column is-layout-flow wp-block-column-is-layout-flow\" style=\"flex-basis:33.34%\"><\/div>\n\n\n\n<div class=\"wp-block-column is-layout-flow wp-block-column-is-layout-flow\" style=\"flex-basis:33.33%\"><\/div>\n<\/div>\n","protected":false},"excerpt":{"rendered":"<p>Es ist wieder so weit &#8211; die Projekttage am Gymnasium Konz haben gestartet. 31 Projekte, darunter f\u00fcnf f\u00fcr unsere Orientierungsstufe, geleitet von der MSS 12. &hellip; <\/p>\n","protected":false},"author":127,"featured_media":10020,"comment_status":"open","ping_status":"open","sticky":false,"template":"","format":"standard","meta":{"_jetpack_memberships_contains_paid_content":false,"footnotes":""},"categories":[1],"tags":[],"coauthors":[460],"class_list":["post-9815","post","type-post","status-publish","format-standard","has-post-thumbnail","hentry","category-allgemein"],"jetpack_featured_media_url":"https:\/\/konzequent.gymnasium-konz.de\/wp-content\/uploads\/2025\/06\/IMG_6824-scaled-e1751020971602.jpeg","jetpack_sharing_enabled":true,"_links":{"self":[{"href":"https:\/\/konzequent.gymnasium-konz.de\/index.php?rest_route=\/wp\/v2\/posts\/9815","targetHints":{"allow":["GET"]}}],"collection":[{"href":"https:\/\/konzequent.gymnasium-konz.de\/index.php?rest_route=\/wp\/v2\/posts"}],"about":[{"href":"https:\/\/konzequent.gymnasium-konz.de\/index.php?rest_route=\/wp\/v2\/types\/post"}],"author":[{"embeddable":true,"href":"https:\/\/konzequent.gymnasium-konz.de\/index.php?rest_route=\/wp\/v2\/users\/127"}],"replies":[{"embeddable":true,"href":"https:\/\/konzequent.gymnasium-konz.de\/index.php?rest_route=%2Fwp%2Fv2%2Fcomments&post=9815"}],"version-history":[{"count":30,"href":"https:\/\/konzequent.gymnasium-konz.de\/index.php?rest_route=\/wp\/v2\/posts\/9815\/revisions"}],"predecessor-version":[{"id":10040,"href":"https:\/\/konzequent.gymnasium-konz.de\/index.php?rest_route=\/wp\/v2\/posts\/9815\/revisions\/10040"}],"wp:featuredmedia":[{"embeddable":true,"href":"https:\/\/konzequent.gymnasium-konz.de\/index.php?rest_route=\/wp\/v2\/media\/10020"}],"wp:attachment":[{"href":"https:\/\/konzequent.gymnasium-konz.de\/index.php?rest_route=%2Fwp%2Fv2%2Fmedia&parent=9815"}],"wp:term":[{"taxonomy":"category","embeddable":true,"href":"https:\/\/konzequent.gymnasium-konz.de\/index.php?rest_route=%2Fwp%2Fv2%2Fcategories&post=9815"},{"taxonomy":"post_tag","embeddable":true,"href":"https:\/\/konzequent.gymnasium-konz.de\/index.php?rest_route=%2Fwp%2Fv2%2Ftags&post=9815"},{"taxonomy":"author","embeddable":true,"href":"https:\/\/konzequent.gymnasium-konz.de\/index.php?rest_route=%2Fwp%2Fv2%2Fcoauthors&post=9815"}],"curies":[{"name":"wp","href":"https:\/\/api.w.org\/{rel}","templated":true}]}}