{"id":6957,"date":"2023-02-18T21:50:19","date_gmt":"2023-02-18T20:50:19","guid":{"rendered":"http:\/\/konzequent.gymnasium-konz.de\/?p=6957"},"modified":"2023-02-18T23:33:47","modified_gmt":"2023-02-18T22:33:47","slug":"fasching-die-fuenfte-jahreszeit","status":"publish","type":"post","link":"https:\/\/konzequent.gymnasium-konz.de\/?p=6957","title":{"rendered":"Fasching &#8211; Die f\u00fcnfte Jahreszeit"},"content":{"rendered":"\n<p>Eigentlich f\u00e4ngt die Karnevalszeit in den Faschingshochburgen wie K\u00f6ln und Mainz schon am 11.11. an, aber bei uns im T\u00e4lchen beginnen die Kappensitzungen und Umz\u00fcge meist erst Ende Januar. Dann ist alles bunt und es herrscht gute Laune. Auf dem Bild oben sieht man die Nachwuchsgarde des Karnevalvereins \u201dT\u00e4lchen Karneval\u201d bei der ersten Kappensitzung vor fast vier Wochen. Wenn man auf eine Kappensitzung <mark class=\"has-inline-color has-pale-pink-color\"> <\/mark>im T\u00e4lchen, wo auch ich tanze, geht, dann ist der Saal farbenpr\u00e4chtig und sch\u00f6n geschm\u00fcckt. Die T\u00e4nze sehen meist sehr synchron aus und die B\u00fcttenreden werden fl\u00fcssig gesprochen. Was viele aber nicht wissen, ist, wie viel Arbeit und wie viele Vorbereitungen hinten dem Programm stecken. <\/p>\n\n\n\n<p>Kurze Zeit, nachdem die letzten Auftritte einer Saison absolviert sind, fangen die Vorbereitungen und Trainings verschiedenen Tanzgruppen f\u00fcr das kommende Jahr an. Dann wird einmal die Woche oder \u00f6fter trainiert. Das Training ist zwar nicht immer ganz einfach, aber meistens macht es trotzdem Spa\u00df mit der Gruppe. Bis ein Tanz vollst\u00e4ndig einstudiert ist, vergeht viel Zeit. Unser Tanz wurde von unserer Trainerin choreografiert und einstudiert. Dann, wenige Wochen vor der ersten Kappensitzung, hei\u00dft es proben! Wenn noch viel ge\u00fcbt werden muss, werden Sondertrainings eingeschoben. Und dann geht alles ganz schnell: Hauptprobe, Generalprobe und dann &#8211; der erste Auftritt. W\u00e4hrend der Hauptprobe wird mit dem Entwerfen und Gestalten der B\u00fchnendeko angefangen.<mark class=\"has-inline-color has-pale-pink-color\"> <\/mark>Was genau gebastelt wird, h\u00e4ngt vom Motto der Kappensitzung ab. Dieses Jahr war es im T\u00e4lchen zum Beispiel &#8222;\u00c4m D\u00e4lchi \u00e4s et richtig dull, m\u00e4t Lucky Luke un Sitting Bull&#8220;<mark class=\"has-inline-color has-pale-pink-color\"> <\/mark>Das Basteln mit den Aktiven im Verein macht immer sehr viel Spa\u00df. Meist wird am Tag vor der ersten Kappensitzung noch flei\u00dfig get\u00fcftelt und aufgebaut, damit am Tag danach auch alles perfekt l\u00e4uft und alles sch\u00f6n aussieht. Trotz der ganzen Arbeit lohnt es sich jedes Jahr wieder. Auch die Kost\u00fcme der Showtanz-Gruppen und die der Garden werden oft schon bei einem der Trainings anprobiert. <\/p>\n\n\n\n<p>*An Fasching wird dann am Rhein entlang gefeiert. Besonders bekannt f\u00fcr ganz gro\u00dfe Feste ist K\u00f6ln. Nat\u00fcrlich gibt es auch bei uns ganz gro\u00dfe Feste und Umz\u00fcge. Da ist wirklich fast jeder in Fastnachtsstimmung und wer nicht, der verpasst mit Sicherheit einiges. Es gibt auch Leute, die sich nicht f\u00fcr T\u00e4nze und B\u00fcttenreden interessieren. Die k\u00f6nnen auf einen der zahlreichen  Umz\u00fcge in der Gegend gehen und sich in der f\u00fcnften Jahreszeit gut am\u00fcsieren. Wie zum Beispiel am Tag nach Rosenmontag (21.02.) in Oberemmel. Und was ist mit denen, die gar nichts mit dem n\u00e4rrischen Treiben anfangen k\u00f6nnen? Denen bleibt wohl nur die Flucht in Regionen, in denen kein Fasching gefeiert wird. \ud83d\ude09<\/p>\n\n\n\n<p><\/p>\n","protected":false},"excerpt":{"rendered":"<p>Eigentlich f\u00e4ngt die Karnevalszeit in den Faschingshochburgen wie K\u00f6ln und Mainz schon am 11.11. an, aber bei uns im T\u00e4lchen beginnen die Kappensitzungen und Umz\u00fcge &hellip; <\/p>\n","protected":false},"author":133,"featured_media":7042,"comment_status":"open","ping_status":"open","sticky":false,"template":"","format":"standard","meta":{"_jetpack_memberships_contains_paid_content":false,"footnotes":""},"categories":[1,73],"tags":[477,475,476],"coauthors":[457],"class_list":["post-6957","post","type-post","status-publish","format-standard","has-post-thumbnail","hentry","category-allgemein","category-kultur","tag-garde","tag-karneval","tag-taelchen"],"jetpack_featured_media_url":"https:\/\/konzequent.gymnasium-konz.de\/wp-content\/uploads\/2023\/02\/Screenshot_20230131_071852-e1676753351530.jpg","jetpack_sharing_enabled":true,"_links":{"self":[{"href":"https:\/\/konzequent.gymnasium-konz.de\/index.php?rest_route=\/wp\/v2\/posts\/6957","targetHints":{"allow":["GET"]}}],"collection":[{"href":"https:\/\/konzequent.gymnasium-konz.de\/index.php?rest_route=\/wp\/v2\/posts"}],"about":[{"href":"https:\/\/konzequent.gymnasium-konz.de\/index.php?rest_route=\/wp\/v2\/types\/post"}],"author":[{"embeddable":true,"href":"https:\/\/konzequent.gymnasium-konz.de\/index.php?rest_route=\/wp\/v2\/users\/133"}],"replies":[{"embeddable":true,"href":"https:\/\/konzequent.gymnasium-konz.de\/index.php?rest_route=%2Fwp%2Fv2%2Fcomments&post=6957"}],"version-history":[{"count":13,"href":"https:\/\/konzequent.gymnasium-konz.de\/index.php?rest_route=\/wp\/v2\/posts\/6957\/revisions"}],"predecessor-version":[{"id":7049,"href":"https:\/\/konzequent.gymnasium-konz.de\/index.php?rest_route=\/wp\/v2\/posts\/6957\/revisions\/7049"}],"wp:featuredmedia":[{"embeddable":true,"href":"https:\/\/konzequent.gymnasium-konz.de\/index.php?rest_route=\/wp\/v2\/media\/7042"}],"wp:attachment":[{"href":"https:\/\/konzequent.gymnasium-konz.de\/index.php?rest_route=%2Fwp%2Fv2%2Fmedia&parent=6957"}],"wp:term":[{"taxonomy":"category","embeddable":true,"href":"https:\/\/konzequent.gymnasium-konz.de\/index.php?rest_route=%2Fwp%2Fv2%2Fcategories&post=6957"},{"taxonomy":"post_tag","embeddable":true,"href":"https:\/\/konzequent.gymnasium-konz.de\/index.php?rest_route=%2Fwp%2Fv2%2Ftags&post=6957"},{"taxonomy":"author","embeddable":true,"href":"https:\/\/konzequent.gymnasium-konz.de\/index.php?rest_route=%2Fwp%2Fv2%2Fcoauthors&post=6957"}],"curies":[{"name":"wp","href":"https:\/\/api.w.org\/{rel}","templated":true}]}}