{"id":5883,"date":"2022-02-13T20:14:40","date_gmt":"2022-02-13T19:14:40","guid":{"rendered":"http:\/\/konzequent.gymnasium-konz.de\/?p=5883"},"modified":"2022-02-16T21:52:24","modified_gmt":"2022-02-16T20:52:24","slug":"queercomm-folgt-einladung-in-den-landtag","status":"publish","type":"post","link":"https:\/\/konzequent.gymnasium-konz.de\/?p=5883","title":{"rendered":"Queercomm folgt Einladung in den Landtag"},"content":{"rendered":"\n<p>Jedem Landtagsmitglied steht j\u00e4hrlich ein Budget von mehreren Tausend Euro zu Verf\u00fcgung, um Jugendgruppen nach Mainz einzuladen und ihnen einen Besuch im Landtagsgeb\u00e4ude inklusive Mittagessen zu erm\u00f6glichen. Diese besondere M\u00f6glichkeit bot sich k\u00fcrzlich der Queer-AG des Gymnasiums Konz, doch was f\u00fchrte zu dieser Einladung und was erlebte die AG auf ihrem Ausflug?<\/p>\n\n\n\n<p>Am 13. September wurde in Konz ein Stolperstein zur Erinnerung an Max Glass, einem homosexuellen Opfer des Nationalsozialismus, verlegt. Einige Mitglieder der AG <a rel=\"noreferrer noopener\" href=\"https:\/\/queercomm-gymkonz.blogspot.com\" data-type=\"URL\" data-id=\"https:\/\/queercomm-gymkonz.blogspot.com\" target=\"_blank\">&#8222;Queercomm.gymkonz + Allies&#8220;<\/a>, welche vom Gymnasium Konz anwesend waren, trugen ein zum Anlass passendes Gedicht im <a rel=\"noreferrer noopener\" href=\"https:\/\/queercomm-gymkonz.blogspot.com\/2021\/09\/bericht-ein-stolperstein-fur-max-glass.html\" target=\"_blank\">Poetry Slam-Stil <\/a>vor. Im Publikum war nicht nur SPD-Bundestagsabgeordnete Verena Hubertz, sondern auch ihr Parteikollege Lothar Rommelfanger, seit 2016 Mitglied des Landtags, welcher von dem Vortrag der AG-Teilnehmer so ber\u00fchrt war, dass er die Gruppe kurzerhand in den Landtag nach Mainz einlud, was unter den AG-Teilnehmer:innen f\u00fcr gro\u00dfe Freude sorgte. Nach einigen coronabedingten Verschiebungen wurde der Besuch auf den 03. Februar 2022 terminiert.<\/p>\n\n\n\n<p>Nachdem sich vor der Abfahrt noch alle sicherheitshalber einem Covid-Schnelltest unterzogen haben, verl\u00e4sst der extra f\u00fcr die AG bestellte Reisebus gegen 8:00 Uhr den Schulparkplatz. Die Stimmung auf der Hinfahrt ist gelassen, wenn auch eine gewisse Vorfreude in der Luft liegt. Neben den Teilnehmer:innen der Queercomm-AG sind auch vier Redakteurinnen von <em>konz<\/em>equent mit an Bord, um \u00fcber die Fahrt zu berichten. Nach kurzen Ansprachen von den beiden begleitenden Lehrkr\u00e4ften Frau Mayr und Frau Blumenthal (Frau Lehnertz, die die AG leitet, kann leider nicht dabei sein) und Busfahrer Markus wird es ruhig und viele h\u00f6ren einfach Musik auf ihren Kopfh\u00f6rern. Erst als der Bus das Ortsschild &#8222;Mainz&#8220; passiert, werden einige interessierte Blicke aus den Fenstern geworfen. Nach etwas mehr als zwei Stunden Fahrt steigt die Gruppe aus dem Bus, gespannt auf den Tag in der Landeshauptstadt am Rhein. <\/p>\n\n\n\n<p>Nach einem kurzen Fu\u00dfmarsch treffen die Sch\u00fcler:innen am Landtag ein und werden dort begr\u00fc\u00dft. Sogleich geht es in den Plenarsaal, wo die die Besucher eine Debatte verfolgen, bei der das Thema &#8222;Franz\u00f6sisch-Deutsche-Zusammenarbeit&#8220; im Vordergrund steht und die franz\u00f6sische Botschafterin anwesend ist. <\/p>\n\n\n\n<p>Thematisiert werden besonders: <\/p>\n\n\n\n<ul class=\"wp-block-list\"><li>Modernisierung und Mobilisierung der Schulen in Deutschland<\/li><li>Coronabedingte Lockdowns und die Auswirkung dieser auf Sch\u00fcler*innen<\/li><li>Klimawandel und erneuerbare Energien<\/li><\/ul>\n\n\n\n<p>Nach ungef\u00e4hr einer dort verbrachten Stunde steht ein Treffen mit Lothar Rommelfanger, dem Gastgeber des Besuchs, an. Die Sch\u00fcler:innen k\u00f6nnen dem   Abgeordneten nun frei ihre Fragen stellen. Hierbei erfahren sie einiges \u00fcber das Geb\u00e4ude des rheinland-pf\u00e4lzischen Landtags und \u00fcber Herrn Rommelfanger selbst. Beispielsweise erz\u00e4hlt er, dass das Landtagsgeb\u00e4ude aus dem 18. Jahrhundert stammt und im barocken Baustil erbaut ist. Au\u00dferdem offenbart Herr Rommelfanger, dass er als Erzieher t\u00e4tig und schon immer politisch interessiert gewesen ist. &#8222;Mit 23 bin ich Mitglied der SPD geworden&#8220;, berichtet er den Sch\u00fcler:innen. Von Dienstag bis Donnerstag halte er sich in Mainz auf, ansonsten bewege er sich meistens in seinem Wahlkreis. Beim Thema Digitalisierung stimmt Herr Rommelfanger den Sch\u00fcler:innen zu. &#8222;Nachholbedarf&#8220;, so fasst er das Thema ehrlich zusammen. <\/p>\n\n\n\n<p>Nach Erhalt von Lunchpaketen verabschiedet sich die Gruppe aus dem Landtag und geht weiter zu ihrer n\u00e4chsten Station: einer Stadtf\u00fchrung namens &#8222;Mainz auf den Spuren des Nationalsozialismus&#8220;. Dort erfahren die Sch\u00fcler:innen mehr \u00fcber die Geschichte von Gerti Meyer-Jorgensen, deren Leben durch das Regime des Nationalsozialismus stark beeintr\u00e4chtigt wurde. Mehr \u00fcber Gertis Leben und den Stadtrundgang erfahrt ihr <a rel=\"noreferrer noopener\" href=\"https:\/\/konzequent.gymnasium-konz.de\/?p=5822\" target=\"_blank\">hier<\/a>. <\/p>\n\n\n\n<p>Nach dieser informativen F\u00fchrung durch Mainz haben die Sch\u00fcler:innen noch ein bisschen Freizeit, um die Stadt auf eigene Faust zu erkunden. Um 17:00 Uhr treffen alle wieder am Bus ein und die R\u00fcckfahrt beginnt. <\/p>\n\n\n\n<p>Diesmal ist die Stimmung im Bus ausgelassener und alle sind noch voller Energie von dem Ausflug. Erst als es drau\u00dfen dunkler wird, sinkt die Ger\u00e4uschkulisse. Um ca. 19:30 Uhr endet der Tagesausflug an der Schule. <\/p>\n\n\n\n<p>Insgesamt war es f\u00fcr alle ein interessanter Ausflug. Herzlichen Dank gilt Lothar Rommelfanger sowie Julia Lehnertz und &#8222;queercomm.gymkonz + Allies&#8220; f\u00fcr die Einladung nach Mainz. <\/p>\n","protected":false},"excerpt":{"rendered":"<p>Jedem Landtagsmitglied steht j\u00e4hrlich ein Budget von mehreren Tausend Euro zu Verf\u00fcgung, um Jugendgruppen nach Mainz einzuladen und ihnen einen Besuch im Landtagsgeb\u00e4ude inklusive Mittagessen &hellip; <\/p>\n","protected":false},"author":120,"featured_media":5855,"comment_status":"open","ping_status":"open","sticky":false,"template":"","format":"standard","meta":{"_jetpack_memberships_contains_paid_content":false,"footnotes":""},"categories":[88,411,42],"tags":[377,408,183,412,410],"coauthors":[],"class_list":["post-5883","post","type-post","status-publish","format-standard","has-post-thumbnail","hentry","category-ag","category-politik","category-schulleben","tag-ag","tag-landtag","tag-politik","tag-queercomm-gymkonz-allies","tag-stolpersteine"],"jetpack_featured_media_url":"https:\/\/konzequent.gymnasium-konz.de\/wp-content\/uploads\/2022\/02\/97A90267-02F9-43AF-AD08-58706AA332AA-scaled.jpeg","jetpack_sharing_enabled":true,"_links":{"self":[{"href":"https:\/\/konzequent.gymnasium-konz.de\/index.php?rest_route=\/wp\/v2\/posts\/5883","targetHints":{"allow":["GET"]}}],"collection":[{"href":"https:\/\/konzequent.gymnasium-konz.de\/index.php?rest_route=\/wp\/v2\/posts"}],"about":[{"href":"https:\/\/konzequent.gymnasium-konz.de\/index.php?rest_route=\/wp\/v2\/types\/post"}],"author":[{"embeddable":true,"href":"https:\/\/konzequent.gymnasium-konz.de\/index.php?rest_route=\/wp\/v2\/users\/120"}],"replies":[{"embeddable":true,"href":"https:\/\/konzequent.gymnasium-konz.de\/index.php?rest_route=%2Fwp%2Fv2%2Fcomments&post=5883"}],"version-history":[{"count":12,"href":"https:\/\/konzequent.gymnasium-konz.de\/index.php?rest_route=\/wp\/v2\/posts\/5883\/revisions"}],"predecessor-version":[{"id":5980,"href":"https:\/\/konzequent.gymnasium-konz.de\/index.php?rest_route=\/wp\/v2\/posts\/5883\/revisions\/5980"}],"wp:featuredmedia":[{"embeddable":true,"href":"https:\/\/konzequent.gymnasium-konz.de\/index.php?rest_route=\/wp\/v2\/media\/5855"}],"wp:attachment":[{"href":"https:\/\/konzequent.gymnasium-konz.de\/index.php?rest_route=%2Fwp%2Fv2%2Fmedia&parent=5883"}],"wp:term":[{"taxonomy":"category","embeddable":true,"href":"https:\/\/konzequent.gymnasium-konz.de\/index.php?rest_route=%2Fwp%2Fv2%2Fcategories&post=5883"},{"taxonomy":"post_tag","embeddable":true,"href":"https:\/\/konzequent.gymnasium-konz.de\/index.php?rest_route=%2Fwp%2Fv2%2Ftags&post=5883"},{"taxonomy":"author","embeddable":true,"href":"https:\/\/konzequent.gymnasium-konz.de\/index.php?rest_route=%2Fwp%2Fv2%2Fcoauthors&post=5883"}],"curies":[{"name":"wp","href":"https:\/\/api.w.org\/{rel}","templated":true}]}}